{"id":10483,"date":"2025-03-17T12:50:03","date_gmt":"2025-03-17T15:50:03","guid":{"rendered":"https:\/\/topgospelfm.com.br\/s\/destaque-do-programa-raul-gil-lis-avancini-assina-com-musile-records\/"},"modified":"2025-03-17T12:50:03","modified_gmt":"2025-03-17T15:50:03","slug":"destaque-do-programa-raul-gil-lis-avancini-assina-com-musile-records","status":"publish","type":"post","link":"https:\/\/topgospelfm.com.br\/s\/destaque-do-programa-raul-gil-lis-avancini-assina-com-musile-records\/","title":{"rendered":"Destaque do Programa Raul Gil, Lis Avancini assina com Musile Records"},"content":{"rendered":"<div>\n<p><span style=\"font-weight: 400;\">Ao longo dos 50 anos em que esteve no ar, Raul Gil foi respons\u00e1vel por abrir espa\u00e7o para diversos talentos, que, posteriormente, vieram a ser nomes relevantes da m\u00fasica crist\u00e3. Al\u00e9m da Gabriela Rocha, que foi uma das maiores revela\u00e7\u00f5es at\u00e9 hoje, Jamily e Robson Monteiro tamb\u00e9m deram os primeiros passos profissionais na trajet\u00f3ria musical ap\u00f3s participarem do programa.<\/span><\/p>\n<p><span style=\"font-weight: 400;\">Durante a exibi\u00e7\u00e3o do quadro \u201cShadow Brasil Gospel\u201d no ano passado, Lis Avancini surpreendeu milhares de pessoas ao mostrar seu dom e sua impressionante extens\u00e3o vocal. Ela se destacou ao interpretar can\u00e7\u00f5es famosas, como \u201cO Lamento de Israel\u201d, de S\u00e9rgio Lopes, \u201cLindo Momento\u201d, \u201cDivisa de Fogo\u201d e \u201cJoquebede\u201d, com arranjos inovadores e uma sonoridade diferente e marcante.<\/span><\/p>\n<p><span style=\"font-weight: 400;\">Natural de Vila Velha, Esp\u00edrito Santo, Lis \u00e9 filha do produtor musical Ramon Avancini. Desde pequena, j\u00e1 demonstrava ter uma boa afina\u00e7\u00e3o, mas foi na adolesc\u00eancia, ao se mudar para S\u00e3o Paulo e ingressar no grupo de louvor da igreja local, que come\u00e7ou a se desenvolver tecnicamente e a se dedicar ao seu minist\u00e9rio.<\/span><\/p>\n<p><span style=\"font-weight: 400;\">O talento excepcional de Lis, demonstrado em cada uma de suas apresenta\u00e7\u00f5es, chamou a aten\u00e7\u00e3o da Musile Records, que a convidou para uma parceria. \u201cO Ricardo Carreras, diretor da gravadora, foi acompanhar uma jurada e foi ali que nos conhecemos. Pude sentir a ess\u00eancia de seu cora\u00e7\u00e3o e perceber o quanto a Musile era especial. Come\u00e7amos a conversar e, a partir disso, surgiu o convite para caminharmos juntos em prol do minist\u00e9rio e do Reino de Deus\u201d, compartilhou a cantora, animada.<\/span><\/p>\n<p><span style=\"font-weight: 400;\">Com apenas 16 anos, a jovem capixaba j\u00e1 \u00e9 considerada uma das maiores promessas do gospel. S\u00f3 no YouTube, seus v\u00eddeos de apresenta\u00e7\u00f5es no Raul Gil j\u00e1 ultrapassaram 15 milh\u00f5es de visualiza\u00e7\u00f5es e, nas redes sociais, ela \u00e9 seguida por mais de 600 mil pessoas, que ficaram entusiasmadas com a novidade.<\/span><\/p>\n<p><span style=\"font-weight: 400;\">Para o futuro, Lis Avancini tem grandes expectativas e planeja seguir o mesmo estilo musical que a fez se destacar durante o programa. \u201cPretendo continuar explorando um ritmo mais pop e trazer coisas diferentes\u201d, comentou. A parceria com a Musile Records promete ser promissora, j\u00e1 que a gravadora \u00e9 conhecida por revelar grandes talentos, como Isadora Pompeo, que ganhou notoriedade com singles como \u201cHey, Pai\u201d, \u201cOi, Jesus\u201d e \u201cMinha Morada\u201d, Julia Vit\u00f3ria, int\u00e9rprete e compositora do hit \u201cDe Dentro Pra Fora\u201d, e pelos recentes sucessos de Sarah Beatriz.<\/span><\/p>\n<p><span style=\"font-weight: 400;\">Lis Avancini esteve na sede da companhia, em S\u00e3o Paulo, no in\u00edcio desta semana para a assinatura do contrato e, em breve, dar\u00e1 in\u00edcio \u00e0 pr\u00e9-produ\u00e7\u00e3o do primeiro projeto.<\/span><\/p>\n<\/div>\n<p><a href=\"http:\/\/guiame.com.br\/musica\/nacional\/destaque-do-programa-raul-gil-lis-avancini-assina-com-musile-records.html\">source<\/a><\/p>\n","protected":false},"excerpt":{"rendered":"<p>Ao longo dos 50 anos em que esteve no ar, Raul Gil foi respons\u00e1vel por abrir espa\u00e7o para diversos talentos, que, posteriormente, vieram a ser nomes relevantes da m\u00fasica crist\u00e3. Al\u00e9m da Gabriela Rocha, que foi uma das maiores revela\u00e7\u00f5es at\u00e9 hoje, Jamily e Robson Monteiro tamb\u00e9m deram os primeiros passos profissionais na trajet\u00f3ria musical [&hellip;]<\/p>\n","protected":false},"author":1,"featured_media":10484,"comment_status":"open","ping_status":"open","sticky":false,"template":"","format":"standard","meta":{"_monsterinsights_skip_tracking":false,"_monsterinsights_sitenote_active":false,"_monsterinsights_sitenote_note":"","_monsterinsights_sitenote_category":0,"footnotes":""},"categories":[5],"tags":[],"class_list":["post-10483","post","type-post","status-publish","format-standard","has-post-thumbnail","hentry","category-noticias"],"aioseo_notices":[],"_links":{"self":[{"href":"https:\/\/topgospelfm.com.br\/s\/wp-json\/wp\/v2\/posts\/10483","targetHints":{"allow":["GET"]}}],"collection":[{"href":"https:\/\/topgospelfm.com.br\/s\/wp-json\/wp\/v2\/posts"}],"about":[{"href":"https:\/\/topgospelfm.com.br\/s\/wp-json\/wp\/v2\/types\/post"}],"author":[{"embeddable":true,"href":"https:\/\/topgospelfm.com.br\/s\/wp-json\/wp\/v2\/users\/1"}],"replies":[{"embeddable":true,"href":"https:\/\/topgospelfm.com.br\/s\/wp-json\/wp\/v2\/comments?post=10483"}],"version-history":[{"count":0,"href":"https:\/\/topgospelfm.com.br\/s\/wp-json\/wp\/v2\/posts\/10483\/revisions"}],"wp:featuredmedia":[{"embeddable":true,"href":"https:\/\/topgospelfm.com.br\/s\/wp-json\/wp\/v2\/media\/10484"}],"wp:attachment":[{"href":"https:\/\/topgospelfm.com.br\/s\/wp-json\/wp\/v2\/media?parent=10483"}],"wp:term":[{"taxonomy":"category","embeddable":true,"href":"https:\/\/topgospelfm.com.br\/s\/wp-json\/wp\/v2\/categories?post=10483"},{"taxonomy":"post_tag","embeddable":true,"href":"https:\/\/topgospelfm.com.br\/s\/wp-json\/wp\/v2\/tags?post=10483"}],"curies":[{"name":"wp","href":"https:\/\/api.w.org\/{rel}","templated":true}]}}