{"id":10506,"date":"2025-05-25T04:45:25","date_gmt":"2025-05-25T07:45:25","guid":{"rendered":"https:\/\/topgospelfm.com.br\/s\/rodolfo-abrantes-lanca-ep-gravado-ao-vivo-com-orquestra-sinfonica\/"},"modified":"2025-05-25T04:45:25","modified_gmt":"2025-05-25T07:45:25","slug":"rodolfo-abrantes-lanca-ep-gravado-ao-vivo-com-orquestra-sinfonica","status":"publish","type":"post","link":"https:\/\/topgospelfm.com.br\/s\/rodolfo-abrantes-lanca-ep-gravado-ao-vivo-com-orquestra-sinfonica\/","title":{"rendered":"Rodolfo Abrantes lan\u00e7a EP gravado ao vivo com Orquestra Sinf\u00f4nica"},"content":{"rendered":"<div>\n<p><span style=\"font-weight: 400;\">Comemorando 30 anos de carreira em 2024 e de volta aos palcos do Brasil com a Microfonia Tour, o cantor Rodolfo Abrantes apresenta seu novo EP gravado ao vivo no tradicional Teatro Ademir Rosa, em Santa Catarina. Com produ\u00e7\u00e3o musical de Rafael Pfleger e arranjos de Thiago Gon\u00e7alves, o projeto conta com as participa\u00e7\u00f5es de Victor Pradella, Arele e a Orquestra Sinf\u00f4nica de Santa Catarina (OSSC), sob a reg\u00eancia do maestro Jos\u00e9 Nilo Valle.<\/span><\/p>\n<p>&#8220;Nunca tinha chegado t\u00e3o perto de uma orquestra; Era uma daquelas coisas que a gente assiste, mas era algo t\u00e3o distante da minha realidade que foi algo super novo para mim. Eles encontraram meu contato e fiquei extasiado quando recebi o convite. Eu estava sonhando com m\u00fasica e em com voltar a fazer turn\u00ea no in\u00edcio do ano, essas coisas, mas n\u00e3o esperava participar de algo desse g\u00eanero, n\u00e9, como orquestra sinf\u00f4nica, foi um desafio pra mim, eu tive que ter uma certa ousadia, n\u00e9, porque, enfim, eu conhe\u00e7o minhas limita\u00e7\u00f5es e, cara, tocar como orquestra \u00e9 um n\u00edvel de excel\u00eancia que eu nunca tinha chegado, foi muito enriquecedor pra mim&#8221;, revelou Rodolfo.<\/p>\n<p><span style=\"font-weight: 400;\">O repert\u00f3rio re\u00fane cinco sucessos da carreira do artista: \u201cIsa\u00edas 9\u201d, \u201cEscondido em Mim\u201d, \u201cAt\u00e9 que a Casa Esteja Cheia\u201d, \u201cO Dia Que Ser\u00e1 Pra Sempre\u201d e a mais recente \u201cOnde o Mel \u00e9 Mais Doce\u201d. Todas cantadas a plenos pulm\u00f5es por uma plateia de quase 500 pessoas.<\/span><\/p>\n<p>&#8220;A escolha do repert\u00f3rio foi dif\u00edcil e f\u00e1cil ao mesmo tempo. Tem muita m\u00fasica que eu gostaria de ter colocado, mas eu tinha dentro de mim uma mescla de m\u00fasicas novas com mais antigas e algumas que eu julgava serem mais ricas para se encaixar melhor num arranjo de sinf\u00f4nica. A plateia foi incr\u00edvel e tinha um misto de pessoas que j\u00e1 seguem a Sinf\u00f4nica, que gostam do trabalho deles e que v\u00e3o aos espet\u00e1culos e um povo que gosta da minha m\u00fasica. A galera se levantava e come\u00e7ava a adorar a Deus bem alto. Alguns m\u00fasicos da orquestra chegaram a se emocionar e falaram comigo que nunca tinham experimentado um neg\u00f3cio desse. Quando a gente misturou a m\u00fasica cl\u00e1ssica, que tem essa coisa de nobreza, com adora\u00e7\u00e3o foi uma mistura explosiva&#8221;, testemunhou o artista.<\/p>\n<p><span style=\"font-weight: 400;\">Apesar das tr\u00eas d\u00e9cadas de estrada, Rodolfo Abrantes afirma que o friozinho na barriga ainda continua a cada nova apresenta\u00e7\u00e3o.\u00a0<\/span><\/p>\n<p><span style=\"font-weight: 400;\">&#8220;O frio na barriga \u00e9 a \u00fanica coisa que faz voc\u00ea se sentir vivo nessas horas, mas n\u00e3o \u00e9 uma coisa de nervoso, \u00e9 simplesmente uma coisa mais da emo\u00e7\u00e3o do momento. Durante os ensaios eu vi a excel\u00eancia dos m\u00fasicos e comecei a me sentir confort\u00e1vel com o formato. Eu percebi que tinha que dar aten\u00e7\u00e3o exatamente para a minha performance vocal e conseguir cantar direito as m\u00fasicas. Ficar cantando diante de uma orquestra sinf\u00f4nica para um p\u00fablico sentado que est\u00e1 apreciando uma boa m\u00fasica foi algo novo e, ao final do espet\u00e1culo, estava todo mundo com sorriso na cara e muito satisfeito, inclusive eu&#8221;, comemora.<\/span><\/p>\n<p>Al\u00e9m da grava\u00e7\u00e3o com a Orquestra Sinf\u00f4nica de Santa Catarina, Rodolfo Abrantes tamb\u00e9m fez uma maratona de shows com a Microfonia Tour, passando por S\u00e3o Paulo, Santo Andr\u00e9, Belo Horizonte, Bras\u00edlia, Manaus, Londrina, Curitiba, Rio de Janeiro, Recife e Fortaleza.<\/p>\n<p>&#8220;A Microfonia Tour foi um sonho realizado de uma maneira t\u00e3o leve e t\u00e3o poderosa que eu chego a crer que foi uma vis\u00e3o dada por Deus e n\u00e3o simplesmente um sonho meu. Foi como se eu conseguisse me alinhar com a vontade dEle para a minha vida e ver isso acontecer diante dos meus olhos. A tour oficialmente terminou, mas ela vai continuar a partir de abril do ano que vem\u00a0 em lugares onde a gente n\u00e3o passou&#8221;, anuncia o cantor.<\/p>\n<p><span style=\"font-weight: 400;\">E sobre o ano que vem, Rodolfo adianta que vem m\u00fasica nova e algumas j\u00e1 est\u00e3o em fase de pr\u00e9-produ\u00e7\u00e3o e, se tudo der certo, ele pretende fazer uma mini turn\u00ea com a Orquestra Sinf\u00f4nica de Santa Catarina. Por enquanto, o p\u00fablico pode conferir o EP nas plataformas digitais e assistir ao clipe de \u201cIsa\u00edas 9\u201d, que est\u00e1 dispon\u00edvel no canal do cantor no YouTube. As imagens foram captadas por Luiz Fernando Machado, Gabi Sanches e Felipe Melo.<\/span><\/p>\n<p><span style=\"font-weight: 400;\">&#8220;Eu n\u00e3o gosto de me repetir. M\u00fasica para mim \u00e9 que nem filho. Voc\u00ea s\u00f3 vai conhecer a carinha dele quando sair e eu respeito a forma como elas v\u00eam. Mas sim, a gente vai ter m\u00fasica nova, al\u00e9m da Microfonia Tour continuando no primeiro semestre e tenho o sonho de fazer uma mini tour com a Sinf\u00f4nica no segundo semestre. Ent\u00e3o tem esses projetos todos a\u00ed acontecendo e eu espero que seja um ano incr\u00edvel. A gente p\u00f4de plantar muito em 2024 e espero que a gente possa ver uma bela colheita em 2025&#8221;, finaliza o m\u00fasico.<\/span><\/p>\n<p><em>Assista ao clipe de &#8220;<span style=\"font-weight: 400;\">Isa\u00edas 9\u201d, com Rodolfo Abrantes e a Orquestra Sinf\u00f4nica de Santa Catarina:<\/span><\/em><\/p>\n<p style=\"text-align: center;\"><em><span style=\"font-weight: 400;\"><iframe title=\"YouTube video player\" src=\"https:\/\/www.youtube.com\/embed\/6p1O3i6FJ9g?si=GzQP1nvSCzzRv_ZX\" width=\"560\" height=\"315\" frameborder=\"0\" allowfullscreen=\"allowfullscreen\"><\/iframe><\/span><\/em><\/p>\n<\/div>\n<p><a href=\"http:\/\/guiame.com.br\/musica\/nacional\/rodolfo-abrantes-lanca-ep-gravado-ao-vivo-com-orquestra-sinfonica.html\">source<\/a><\/p>\n","protected":false},"excerpt":{"rendered":"<p>Comemorando 30 anos de carreira em 2024 e de volta aos palcos do Brasil com a Microfonia Tour, o cantor Rodolfo Abrantes apresenta seu novo EP gravado ao vivo no tradicional Teatro Ademir Rosa, em Santa Catarina. Com produ\u00e7\u00e3o musical de Rafael Pfleger e arranjos de Thiago Gon\u00e7alves, o projeto conta com as participa\u00e7\u00f5es de [&hellip;]<\/p>\n","protected":false},"author":1,"featured_media":10507,"comment_status":"open","ping_status":"open","sticky":false,"template":"","format":"standard","meta":{"_monsterinsights_skip_tracking":false,"_monsterinsights_sitenote_active":false,"_monsterinsights_sitenote_note":"","_monsterinsights_sitenote_category":0,"footnotes":""},"categories":[5],"tags":[],"class_list":["post-10506","post","type-post","status-publish","format-standard","has-post-thumbnail","hentry","category-noticias"],"aioseo_notices":[],"_links":{"self":[{"href":"https:\/\/topgospelfm.com.br\/s\/wp-json\/wp\/v2\/posts\/10506","targetHints":{"allow":["GET"]}}],"collection":[{"href":"https:\/\/topgospelfm.com.br\/s\/wp-json\/wp\/v2\/posts"}],"about":[{"href":"https:\/\/topgospelfm.com.br\/s\/wp-json\/wp\/v2\/types\/post"}],"author":[{"embeddable":true,"href":"https:\/\/topgospelfm.com.br\/s\/wp-json\/wp\/v2\/users\/1"}],"replies":[{"embeddable":true,"href":"https:\/\/topgospelfm.com.br\/s\/wp-json\/wp\/v2\/comments?post=10506"}],"version-history":[{"count":0,"href":"https:\/\/topgospelfm.com.br\/s\/wp-json\/wp\/v2\/posts\/10506\/revisions"}],"wp:featuredmedia":[{"embeddable":true,"href":"https:\/\/topgospelfm.com.br\/s\/wp-json\/wp\/v2\/media\/10507"}],"wp:attachment":[{"href":"https:\/\/topgospelfm.com.br\/s\/wp-json\/wp\/v2\/media?parent=10506"}],"wp:term":[{"taxonomy":"category","embeddable":true,"href":"https:\/\/topgospelfm.com.br\/s\/wp-json\/wp\/v2\/categories?post=10506"},{"taxonomy":"post_tag","embeddable":true,"href":"https:\/\/topgospelfm.com.br\/s\/wp-json\/wp\/v2\/tags?post=10506"}],"curies":[{"name":"wp","href":"https:\/\/api.w.org\/{rel}","templated":true}]}}