{"id":10569,"date":"2025-11-14T05:34:42","date_gmt":"2025-11-14T08:34:42","guid":{"rendered":"https:\/\/topgospelfm.com.br\/s\/rayza-nicacio-estreia-na-musica-com-single-limitada\/"},"modified":"2025-11-14T05:34:42","modified_gmt":"2025-11-14T08:34:42","slug":"rayza-nicacio-estreia-na-musica-com-single-limitada","status":"publish","type":"post","link":"https:\/\/topgospelfm.com.br\/s\/rayza-nicacio-estreia-na-musica-com-single-limitada\/","title":{"rendered":"Rayza Nic\u00e1cio estreia na m\u00fasica com single \u201cLimitada\u201d"},"content":{"rendered":"<div>\n<p><span style=\"font-weight: 400;\">Com quase 4 milh\u00f5es de seguidores nas redes sociais e conhecida pelo seu conte\u00fado sobre moda, beleza e comportamento, a influenciadora Rayza Nic\u00e1cio faz sua estreia na carreira musical com seu primeiro single autoral intitulado \u201cLimitada\u201d. <\/span><\/p>\n<p><span style=\"font-weight: 400;\">Lan\u00e7ada nas plataformas digitais pela Onimusic, a can\u00e7\u00e3o \u00e9 a primeira m\u00fasica de trabalho do EP que tem um nome bem significativo \u201cQuero Ser Eu\u201d.<\/span><\/p>\n<p>&#8220;O EP \u00e9 composto por quatro m\u00fasicas e o tema central aborda a tem\u00e1tica da identidade e explora diversas quest\u00f5es emocionais. A primeira m\u00fasica trata de quest\u00f5es pessoais, a segunda aborda a reconcilia\u00e7\u00e3o com a f\u00e9, a terceira &#8211; &#8216;Quero Ser Eu&#8217; &#8211; foca na busca da identidade atrav\u00e9s da f\u00e9 e a quarta faixa, uma das minhas preferidas, \u00e9 um convite para que outros vivenciem as mesmas experi\u00eancias. Al\u00e9m destas, outras composi\u00e7\u00f5es est\u00e3o em desenvolvimento, indicando a possibilidade de que este EP se transforme em um \u00e1lbum em breve&#8221;, disse a artista, que foi produzida por Wagner Derek.<\/p>\n<p><span style=\"font-weight: 400;\">Juntamente com a can\u00e7\u00e3o, Rayza Nic\u00e1cio lan\u00e7a o clipe de \u201cLimitada\u201d em seu canal no YouTube, onde conta com mais de 1 milh\u00e3o de inscritos.\u00a0<\/span><\/p>\n<p>&#8220;S\u00e3o quatro m\u00fasicas, tr\u00eas delas t\u00eam clipes e uma tem um lyric v\u00eddeo. A ideia do v\u00eddeo e o conceito por tr\u00e1s da m\u00fasica passaram por mim e a execu\u00e7\u00e3o foi feita pelo nosso diretor Warley Ferreira, do Esp\u00edrito Santo, junto com o Tiago Marcarin, que \u00e9 um parceiro dele. Cheguei de uma viagem \u00e0 Tail\u00e2ndia e gravamos tr\u00eas clipes em dois dias. Foi corrido, mas foi muito especial&#8221;, relatou a cantora, que gravou os v\u00eddeos ainda nos primeiros meses de gesta\u00e7\u00e3o.<\/p>\n<p><strong>Sobre Rayza Nic\u00e1cio<\/strong><\/p>\n<p><span style=\"font-weight: 400;\">Aos 33 anos, Rayza Nic\u00e1cio se tornou refer\u00eancia nacional ao falar da beleza do cabelo crespo\/cacheado, aceita\u00e7\u00e3o dos cachos e transi\u00e7\u00e3o capilar. Ela come\u00e7ou nesse universo digital em 2011, ao lan\u00e7ar um cover de Alicia Keys em seu canal no YouTube.\u00a0<\/span><\/p>\n<p><span style=\"font-weight: 400;\">Natural de Alagoas e atualmente radicada em Campinas (SP), ela tem se destacado por sua autenticidade, f\u00e9 e presen\u00e7a digital engajada, al\u00e9m de ter participado da cria\u00e7\u00e3o de produtos e campanhas com grandes marcas de beleza.<\/span><\/p>\n<p><span style=\"font-weight: 400;\">Criada em um lar crist\u00e3o e com ra\u00edzes na Assembleia de Deus, Rayza tem forte influ\u00eancia do blues, R&amp;B, jazz e soul. Filha de cantora, ela soltou a voz pela primeira vez aos quatro anos de idade.<\/span><\/p>\n<p><span style=\"font-weight: 400;\">Crist\u00e3, ela congrega com a fam\u00edlia na igreja MEVAM Campinas, do pastor Juc\u00e9lio de Souza. Aos 25 anos, ela se afastou da igreja, mas ela se reencontrou com Deus em 2021 e, desde ent\u00e3o, tem vivido uma nova jornada de f\u00e9.<\/span><\/p>\n<p><em>Assista ao clipe de \u201cLimitada\u201d:<\/em><\/p>\n<p style=\"text-align: center;\"><em><strong><iframe title=\"YouTube video player\" src=\"https:\/\/www.youtube.com\/embed\/7HQhL-GT39s?si=KmY6y_clbyyKPGTu\" width=\"560\" height=\"315\" frameborder=\"0\" allowfullscreen=\"allowfullscreen\"><\/iframe><\/strong><\/em><\/p>\n<\/div>\n<p><a href=\"http:\/\/guiame.com.br\/musica\/nacional\/rayza-nicacio-estreia-na-musica-com-single-limitada.html\">source<\/a><\/p>\n","protected":false},"excerpt":{"rendered":"<p>Com quase 4 milh\u00f5es de seguidores nas redes sociais e conhecida pelo seu conte\u00fado sobre moda, beleza e comportamento, a influenciadora Rayza Nic\u00e1cio faz sua estreia na carreira musical com seu primeiro single autoral intitulado \u201cLimitada\u201d. Lan\u00e7ada nas plataformas digitais pela Onimusic, a can\u00e7\u00e3o \u00e9 a primeira m\u00fasica de trabalho do EP que tem um [&hellip;]<\/p>\n","protected":false},"author":1,"featured_media":10570,"comment_status":"open","ping_status":"open","sticky":false,"template":"","format":"standard","meta":{"_monsterinsights_skip_tracking":false,"_monsterinsights_sitenote_active":false,"_monsterinsights_sitenote_note":"","_monsterinsights_sitenote_category":0,"footnotes":""},"categories":[5],"tags":[],"class_list":["post-10569","post","type-post","status-publish","format-standard","has-post-thumbnail","hentry","category-noticias"],"aioseo_notices":[],"_links":{"self":[{"href":"https:\/\/topgospelfm.com.br\/s\/wp-json\/wp\/v2\/posts\/10569","targetHints":{"allow":["GET"]}}],"collection":[{"href":"https:\/\/topgospelfm.com.br\/s\/wp-json\/wp\/v2\/posts"}],"about":[{"href":"https:\/\/topgospelfm.com.br\/s\/wp-json\/wp\/v2\/types\/post"}],"author":[{"embeddable":true,"href":"https:\/\/topgospelfm.com.br\/s\/wp-json\/wp\/v2\/users\/1"}],"replies":[{"embeddable":true,"href":"https:\/\/topgospelfm.com.br\/s\/wp-json\/wp\/v2\/comments?post=10569"}],"version-history":[{"count":0,"href":"https:\/\/topgospelfm.com.br\/s\/wp-json\/wp\/v2\/posts\/10569\/revisions"}],"wp:featuredmedia":[{"embeddable":true,"href":"https:\/\/topgospelfm.com.br\/s\/wp-json\/wp\/v2\/media\/10570"}],"wp:attachment":[{"href":"https:\/\/topgospelfm.com.br\/s\/wp-json\/wp\/v2\/media?parent=10569"}],"wp:term":[{"taxonomy":"category","embeddable":true,"href":"https:\/\/topgospelfm.com.br\/s\/wp-json\/wp\/v2\/categories?post=10569"},{"taxonomy":"post_tag","embeddable":true,"href":"https:\/\/topgospelfm.com.br\/s\/wp-json\/wp\/v2\/tags?post=10569"}],"curies":[{"name":"wp","href":"https:\/\/api.w.org\/{rel}","templated":true}]}}