{"id":10595,"date":"2026-04-25T17:28:54","date_gmt":"2026-04-25T20:28:54","guid":{"rendered":"https:\/\/topgospelfm.com.br\/s\/em-clima-de-copa-do-mundo-silas-magalhaes-lanca-a-cancao-bencaos-reais\/"},"modified":"2026-04-25T17:28:54","modified_gmt":"2026-04-25T20:28:54","slug":"em-clima-de-copa-do-mundo-silas-magalhaes-lanca-a-cancao-bencaos-reais","status":"publish","type":"post","link":"https:\/\/topgospelfm.com.br\/s\/em-clima-de-copa-do-mundo-silas-magalhaes-lanca-a-cancao-bencaos-reais\/","title":{"rendered":"Em clima de Copa do Mundo, Silas Magalh\u00e3es lan\u00e7a a can\u00e7\u00e3o \u201cB\u00ean\u00e7\u00e3os Reais\u201d"},"content":{"rendered":"<div>\n<p><span style=\"font-weight: 400;\">No ano em que o brasileiro sonha em ver a Sele\u00e7\u00e3o conquistar o hexa na Copa do Mundo 2026, o cantor Silas Magalh\u00e3es resolveu unir essa paix\u00e3o nacional ao ritmo do samba e do funk em sua nova m\u00fasica de trabalho intitulada \u201cB\u00ean\u00e7\u00e3os Reais\u201d. <\/span><\/p>\n<p><span style=\"font-weight: 400;\">A faixa faz parte do DVD \u201cDe Volta ao Jardim\u201d, gravado ao vivo em Santo Ant\u00f4nio de Jesus, na Bahia, em comemora\u00e7\u00e3o aos 15 anos de carreira do artista de trap.<\/span><\/p>\n<p>&#8220;&#8216;B\u00ean\u00e7\u00e3os Reais&#8217; \u00e9 a filha mais nova desse projeto porque ela surgiu na v\u00e9spera da grava\u00e7\u00e3o do projeto. Eu j\u00e1 tinha a ideia de uma m\u00fasica assim desde a constru\u00e7\u00e3o do \u00e1lbum, mas era como se eu n\u00e3o conseguisse ter acesso completo \u00e0 inspira\u00e7\u00e3o para compor. Eu at\u00e9 tentei escrever algo condizente com que eu visualizava, mas n\u00e3o saiu nada at\u00e9 que, na \u00faltima semana, senti que precisava correr atr\u00e1s daquele resultado e foi a\u00ed que \u201cB\u00ean\u00e7\u00e3os Reais\u201d nasceu em dez minutos&#8221;, afirma Silas, que tamb\u00e9m assina a produ\u00e7\u00e3o musical, mixagem e masteriza\u00e7\u00e3o do single.<\/p>\n<p><span style=\"font-weight: 400;\">Em rela\u00e7\u00e3o \u00e0 produ\u00e7\u00e3o musical, Silas Magalh\u00e3es revela que quis unir diferentes elementos sonoros inspirados no cotidiano de quem ama futebol.<\/span><\/p>\n<p>&#8220;Quis unir elementos como o surdo, muito usado nas torcidas organizadas do pa\u00eds, justamente para remeter a est\u00e1dio. Usei o tamborim, instrumento muito presente no samba, e cavaquinho que \u00e9 a cara do Brasil. Tudo isso somado a uma batida leve de funk, que n\u00e3o \u00e9 um batid\u00e3o pesado, mas algo fresco para combinar com toda a est\u00e9tica constru\u00edda ao longo da m\u00fasica&#8221;, resume.<\/p>\n<p><span style=\"font-weight: 400;\">E nesse clima de esperan\u00e7a, que muitas das vezes \u00e9 inspirado pela Copa, Silas Magalh\u00e3es expressa seus desejos de b\u00ean\u00e7\u00e3os reais para o Brasil.<\/span><\/p>\n<p>&#8220;Eu sempre espero que nosso pa\u00eds cres\u00e7a e que nosso povo que tanto trabalha tenha a sua recompensa. Que nosso poder de compra suba, que a corrup\u00e7\u00e3o n\u00e3o exista mais e que o brasileiro possa viver em um pa\u00eds seguro, mas creio que tudo isso s\u00f3 vai acontecer quando Cristo voltar&#8221;, finaliza o artista.<\/p>\n<p><em><span style=\"font-weight: 400;\">Assista ao clipe de \u201cB\u00ean\u00e7\u00e3os Reais\u201d:<\/span><\/em><\/p>\n<p style=\"text-align: center;\"><span style=\"font-weight: 400;\"><iframe title=\"YouTube video player\" src=\"https:\/\/www.youtube.com\/embed\/z6bzhTquccg?si=1f64z8jRdPr_isDM\" width=\"560\" height=\"315\" frameborder=\"0\" allowfullscreen=\"allowfullscreen\"><\/iframe><\/span><\/p>\n<\/div>\n<p><a href=\"http:\/\/guiame.com.br\/musica\/nacional\/em-clima-de-copa-do-mundo-silas-magalhaes-lanca-cancao-bencaos-reais.html\">source<\/a><\/p>\n","protected":false},"excerpt":{"rendered":"<p>No ano em que o brasileiro sonha em ver a Sele\u00e7\u00e3o conquistar o hexa na Copa do Mundo 2026, o cantor Silas Magalh\u00e3es resolveu unir essa paix\u00e3o nacional ao ritmo do samba e do funk em sua nova m\u00fasica de trabalho intitulada \u201cB\u00ean\u00e7\u00e3os Reais\u201d. A faixa faz parte do DVD \u201cDe Volta ao Jardim\u201d, gravado [&hellip;]<\/p>\n","protected":false},"author":1,"featured_media":10596,"comment_status":"open","ping_status":"open","sticky":false,"template":"","format":"standard","meta":{"_monsterinsights_skip_tracking":false,"_monsterinsights_sitenote_active":false,"_monsterinsights_sitenote_note":"","_monsterinsights_sitenote_category":0,"footnotes":""},"categories":[5],"tags":[],"class_list":["post-10595","post","type-post","status-publish","format-standard","has-post-thumbnail","hentry","category-noticias"],"aioseo_notices":[],"_links":{"self":[{"href":"https:\/\/topgospelfm.com.br\/s\/wp-json\/wp\/v2\/posts\/10595","targetHints":{"allow":["GET"]}}],"collection":[{"href":"https:\/\/topgospelfm.com.br\/s\/wp-json\/wp\/v2\/posts"}],"about":[{"href":"https:\/\/topgospelfm.com.br\/s\/wp-json\/wp\/v2\/types\/post"}],"author":[{"embeddable":true,"href":"https:\/\/topgospelfm.com.br\/s\/wp-json\/wp\/v2\/users\/1"}],"replies":[{"embeddable":true,"href":"https:\/\/topgospelfm.com.br\/s\/wp-json\/wp\/v2\/comments?post=10595"}],"version-history":[{"count":0,"href":"https:\/\/topgospelfm.com.br\/s\/wp-json\/wp\/v2\/posts\/10595\/revisions"}],"wp:featuredmedia":[{"embeddable":true,"href":"https:\/\/topgospelfm.com.br\/s\/wp-json\/wp\/v2\/media\/10596"}],"wp:attachment":[{"href":"https:\/\/topgospelfm.com.br\/s\/wp-json\/wp\/v2\/media?parent=10595"}],"wp:term":[{"taxonomy":"category","embeddable":true,"href":"https:\/\/topgospelfm.com.br\/s\/wp-json\/wp\/v2\/categories?post=10595"},{"taxonomy":"post_tag","embeddable":true,"href":"https:\/\/topgospelfm.com.br\/s\/wp-json\/wp\/v2\/tags?post=10595"}],"curies":[{"name":"wp","href":"https:\/\/api.w.org\/{rel}","templated":true}]}}